{"id":125,"date":"2026-04-21T04:38:13","date_gmt":"2026-04-21T04:38:13","guid":{"rendered":"https:\/\/adempresarial.com\/?p=125"},"modified":"2026-04-21T04:54:37","modified_gmt":"2026-04-21T04:54:37","slug":"como-convertir-la-formacion-en-resultados-reales-dentro-de-una-organizacion","status":"publish","type":"post","link":"https:\/\/adempresarial.com\/?p=125","title":{"rendered":"\u00bfC\u00f3mo convertir la formaci\u00f3n en resultados reales dentro de una organizaci\u00f3n?"},"content":{"rendered":"\n<p>Las organizaciones llevan a\u00f1os invirtiendo en formaci\u00f3n sin poder demostrar, con claridad, qu\u00e9 cambi\u00f3 despu\u00e9s. Hay asistencia, hay materiales, hay diplomas y, a veces, hasta entusiasmo. Pero pasado un tiempo, muchos equipos siguen trabajando igual.<br><br>Aqu\u00ed es donde est\u00e1 el problema. La mayor\u00eda de las veces, la formaci\u00f3n no fracasa por falta de contenido, sino por <strong>falta de conexi\u00f3n con la realidad del trabajo<\/strong>, con la pr\u00e1ctica diaria y con un seguimiento serio.<br><br>La formaci\u00f3n no deber\u00eda medirse por cu\u00e1ntas personas participaron. Deber\u00eda medirse por lo que mejora despu\u00e9s: el desempe\u00f1o, la atenci\u00f3n al cliente, la coordinaci\u00f3n entre \u00e1reas, la toma de decisiones y los resultados del negocio. Hay muchas razones, pero las fallas suelen repetirse y mencionamos algunas de ellas:<\/p>\n\n\n\n<ol class=\"wp-block-list\">\n<li>Se abordan temas poco vinculados con los desaf\u00edos reales del equipo.<\/li>\n\n\n\n<li>Se prioriza la teor\u00eda sobre la aplicaci\u00f3n.<\/li>\n\n\n\n<li>No se entrena en contextos parecidos a los que las personas enfrentan cada d\u00eda.<\/li>\n\n\n\n<li>No hay una l\u00ednea base que permita comparar avances.<\/li>\n\n\n\n<li>Las jefaturas quedan fuera del proceso.<\/li>\n\n\n\n<li>Terminada la formaci\u00f3n, desaparece el acompa\u00f1amiento.<\/li>\n<\/ol>\n\n\n\n<p>El resultado es previsible: las personas recuerdan algunas ideas, pero no cambian su forma de actuar. Y sin cambio en la pr\u00e1ctica, no hay resultado real.<br><br><strong>\u00bfque genera resultados reales?<\/strong><\/p>\n\n\n\n<ul class=\"wp-block-list\">\n<li><strong>Diagn\u00f3stico previo<\/strong>: Antes de formar, hay que entender con precisi\u00f3n qu\u00e9 brechas existen, d\u00f3nde est\u00e1n y c\u00f3mo se expresan en la operaci\u00f3n. No se trata de impartir contenidos \u201cimportantes\u201d en abstracto, sino de intervenir problemas concretos de desempe\u00f1o, servicio, coordinaci\u00f3n o cumplimiento.<br>Sin diagn\u00f3stico, la formaci\u00f3n suele responder a supuestos. Y cuando la formaci\u00f3n se dise\u00f1a sobre supuestos, rara vez resuelve algo relevante.<\/li>\n\n\n\n<li><strong>Objetivos medibles<\/strong>: Toda capacitaci\u00f3n deber\u00eda responder a una pregunta b\u00e1sica: \u00bfqu\u00e9 debe mejorar despu\u00e9s? Ese cambio tiene que formularse en t\u00e9rminos observables y medibles.<br>Por ejemplo, reducir tiempos de respuesta, elevar el cumplimiento de un protocolo, mejorar la calidad de la atenci\u00f3n o disminuir errores en un proceso. Cuando los objetivos son vagos, la evaluaci\u00f3n tambi\u00e9n lo es. Y si no se puede evaluar con claridad, tampoco se puede defender el valor de la formaci\u00f3n.<\/li>\n\n\n\n<li><strong>Aprendizaje pr\u00e1ctico<\/strong>: La formaci\u00f3n genera m\u00e1s impacto cuando se acerca al contexto real de trabajo. Casos, simulaciones, ejercicios aplicados, herramientas de uso inmediato y resoluci\u00f3n de situaciones concretas suelen funcionar mejor que una acumulaci\u00f3n de conceptos.<br>No porque la teor\u00eda no importe, sino porque por s\u00ed sola no cambia la ejecuci\u00f3n. Las personas mejoran cuando pueden practicar, equivocarse, ajustar y volver a intentar en un entorno con sentido para su trabajo.<\/li>\n\n\n\n<li><strong>Aplicaci\u00f3n inmediata<\/strong>: Cada participante deber\u00eda terminar el proceso con decisiones claras sobre qu\u00e9 va a hacer de forma distinta. Si la capacitaci\u00f3n no aterriza en acciones concretas, la transferencia al puesto queda librada a la buena voluntad o a la memoria, y eso casi siempre falla. <br>La formaci\u00f3n \u00fatil deja compromisos de aplicaci\u00f3n, ajustes en la rutina, herramientas listas para usar y criterios m\u00e1s claros para actuar.<\/li>\n\n\n\n<li><strong>Seguimiento<\/strong>: Sin seguimiento, gran parte del esfuerzo se pierde. Revisar avances a 30, 60 y 90 d\u00edas permite verificar qu\u00e9 se aplic\u00f3, qu\u00e9 obst\u00e1culos aparecieron y qu\u00e9 necesita reforzarse.<br>Aqu\u00ed suele estar una de las mayores fallas. Muchas organizaciones invierten en la experiencia formativa, pero abandonan la etapa que convierte el aprendizaje en mejora sostenida.<\/li>\n<\/ul>\n\n\n\n<p class=\"has-medium-font-size\"><strong>\u00bfComo medir el Impacto?<\/strong><\/p>\n\n\n\n<p>El impacto no se demuestra con diplomas ni con encuestas de satisfacci\u00f3n. Se demuestra con mejoras en indicadores relevantes para la operaci\u00f3n, como la calidad de la atenci\u00f3n, los tiempos de proceso, la reducci\u00f3n de errores, la satisfacci\u00f3n de usuarios, la productividad del equipo o el cumplimiento operativo.<\/p>\n\n\n\n<p class=\"has-medium-font-size\"><strong>Conclusi\u00f3n<\/strong><\/p>\n\n\n\n<p>En esta etapa de disrupci\u00f3n constante y transformaci\u00f3n digital acelerada, capacitar para informar ya no alcanza. Las organizaciones necesitan formar para actuar, decidir mejor y ajustarse con rapidez. Por eso, la verdadera utilidad de la formaci\u00f3n no se discute en el espacio de aprendizaje, sino en la capacidad de convertir aprendizaje en desempe\u00f1o, desempe\u00f1o en mejora y mejora en resultados reales.<\/p>\n\n\n\n<p>La formaci\u00f3n empieza a ser \u00fatil <strong>cuando se convierte en acci\u00f3n. <\/strong>Y solo se vuelve estrat\u00e9gica cuando esa acci\u00f3n <strong>mejora resultados.<\/strong><\/p>\n","protected":false},"excerpt":{"rendered":"<p>Las organizaciones llevan a\u00f1os invirtiendo en formaci\u00f3n sin poder demostrar, con claridad, qu\u00e9 cambi\u00f3 despu\u00e9s. Hay asistencia, hay materiales, hay diplomas y, a veces, hasta entusiasmo. Pero pasado un tiempo, muchos equipos siguen trabajando igual. Aqu\u00ed es donde est\u00e1 el &hellip; <\/p>\n","protected":false},"author":1,"featured_media":138,"comment_status":"closed","ping_status":"","sticky":false,"template":"","format":"standard","meta":{"footnotes":""},"categories":[4],"tags":[],"class_list":["post-125","post","type-post","status-publish","format-standard","has-post-thumbnail","hentry","category-diseno-metodologico"],"_links":{"self":[{"href":"https:\/\/adempresarial.com\/index.php?rest_route=\/wp\/v2\/posts\/125","targetHints":{"allow":["GET"]}}],"collection":[{"href":"https:\/\/adempresarial.com\/index.php?rest_route=\/wp\/v2\/posts"}],"about":[{"href":"https:\/\/adempresarial.com\/index.php?rest_route=\/wp\/v2\/types\/post"}],"author":[{"embeddable":true,"href":"https:\/\/adempresarial.com\/index.php?rest_route=\/wp\/v2\/users\/1"}],"replies":[{"embeddable":true,"href":"https:\/\/adempresarial.com\/index.php?rest_route=%2Fwp%2Fv2%2Fcomments&post=125"}],"version-history":[{"count":8,"href":"https:\/\/adempresarial.com\/index.php?rest_route=\/wp\/v2\/posts\/125\/revisions"}],"predecessor-version":[{"id":137,"href":"https:\/\/adempresarial.com\/index.php?rest_route=\/wp\/v2\/posts\/125\/revisions\/137"}],"wp:featuredmedia":[{"embeddable":true,"href":"https:\/\/adempresarial.com\/index.php?rest_route=\/wp\/v2\/media\/138"}],"wp:attachment":[{"href":"https:\/\/adempresarial.com\/index.php?rest_route=%2Fwp%2Fv2%2Fmedia&parent=125"}],"wp:term":[{"taxonomy":"category","embeddable":true,"href":"https:\/\/adempresarial.com\/index.php?rest_route=%2Fwp%2Fv2%2Fcategories&post=125"},{"taxonomy":"post_tag","embeddable":true,"href":"https:\/\/adempresarial.com\/index.php?rest_route=%2Fwp%2Fv2%2Ftags&post=125"}],"curies":[{"name":"wp","href":"https:\/\/api.w.org\/{rel}","templated":true}]}}